{"id":138,"date":"2020-05-14T04:42:17","date_gmt":"2020-05-14T01:42:17","guid":{"rendered":"https:\/\/www.notionclubnotes.com\/?p=138"},"modified":"2020-05-14T04:42:17","modified_gmt":"2020-05-14T01:42:17","slug":"parantez-hedefe-giden-yol","status":"publish","type":"post","link":"http:\/\/notionclubnotes.com\/?p=138","title":{"rendered":"Parantez &#8211; Hedefe Giden Yol"},"content":{"rendered":"\n<p class=\"has-drop-cap has-text-align-justify\">\u00dcst\u00fcnc\u00fcl\u00fc\u011fe dayal\u0131 s\u00f6ylemlerin \u00f6nc\u00fcs\u00fc \u015feytand\u0131r. Yarat\u0131l\u0131\u015f\u0131nda yer alan ate\u015f unsurunu ve ba\u015fta kendini, Hazret-i Adem\u2019den ve ona y\u00f6nelik il\u00e2h\u00ee plandan \u00fcst\u00fcn g\u00f6r\u00fcr ve bundan sonra ona d\u00fc\u015fman olur. Ayn\u0131 emre muhatap olan melekler, let\u00e2fet ve temizlikleriyle, yarat\u0131l\u0131\u015flar\u0131nda bulunan nur\u00e2niyetle ayn\u0131 de\u011ferlendirmeyi yapsalar idi onlar da, hen\u00fcz hakik\u00e2ti de ortaya \u00e7\u0131kmam\u0131\u015f, toprak unsurundan bir kimseye secde etmeyi, \u015feytan\u0131nki gibi bir hata olacaksa da, kendilerine yak\u0131\u015ft\u0131rmayabilirlerdi. Ancak onlar derh\u00e2l secde ettiler. Ortaya bu iradeyi koydular.<\/p>\n\n\n\n<!--more-->\n\n\n\n<p class=\"has-text-align-justify\">Do\u011fdu\u011fumuz yeri ve ailemizi, potansiyel olarak madd\u00ee imk\u00e2nlar\u0131m\u0131z\u0131, olas\u0131l\u0131ksal \u00e7evremizi ve genetik temay\u00fcllerimizi bizzat belirleyemiyoruz. Kendimizi bir sahnenin ortas\u0131nda buluyoruz ve s\u0131ralad\u0131\u011f\u0131m k\u00f6\u015feta\u015flar\u0131n\u0131n aras\u0131nda gezerken, ancak irade denen gizemli bir de\u011fi\u015fkeni kullanabiliyoruz. O gizem b\u00fcy\u00fck anahtarlardan biridir.<\/p>\n\n\n\n<p class=\"has-text-align-justify\">\u0130radenin hangi y\u00f6nde kullan\u0131laca\u011f\u0131n\u0131n karar\u0131, sadece o \u00e2na ait i\u015f de\u011fildir. Arka planda, \u00f6ncede, birikimde ne varsa, ad\u0131m ad\u0131m o \u00e2na gelinir ve takip edilen ad\u0131mlar\u0131n herbiri bizi bir yere s\u00fcr\u00fckler.<\/p>\n\n\n\n<p class=\"has-text-align-justify\">Almanya\u2019n\u0131n 1800\u2019l\u00fc y\u0131llar\u0131n ortalar\u0131nda ba\u015flayan ar\u00ee Germen \u0131rk\u0131 s\u00f6ylemi Hitler\u2019den \u00e7ok \u00f6nce mevcuttur. Pan-Germenizm d\u00fc\u015f\u00fcncesi, Katolik dinine kar\u015f\u0131 olmak suretiyle \u00f6nc\u00fc bir d\u00fc\u015fman belirlemi\u015ftir. Katoliklik ve di\u011fer dinler, Aryan fikrine terstir. Bu d\u00fc\u015f\u00fcncenin \u00f6nde gelenleri i\u00e7in Almanlar\u2019\u0131n kendi z\u00e2t\u00ee \u00fcst\u00fcnl\u00fckleri t\u00fcm bu de\u011ferlerden daha yukar\u0131da g\u00f6r\u00fcl\u00fcr. Antisemitizm\u2019in temelleri de Hitler\u2019in iktidar\u0131ndan ve hatta partisinin kuruldu\u011fu 1921 tarihinden \u00e7ok \u00f6nce at\u0131lm\u0131\u015ft\u0131r.<\/p>\n\n\n\n<p class=\"has-text-align-justify\">1842 do\u011fumlu Alman siyaset\u00e7i ve milletvekili Georg von Sh\u00f6renerer, \u00fcst\u00fcn Alman \u0131rk\u0131 ve antisemitizm fikirlerini sistemle\u015ftiren, \u00f6rg\u00fctleyen ve bunu siyaset i\u00e7inde kamuoyuna sunan ilk isimdir. 1897 y\u0131l\u0131nda Avusturya-Macaristan \u0130mparatorlu\u011fu i\u00e7inde, Avusturyal\u0131 Almanlar\u2019\u0131 kendi \u0131rklar\u0131na ve k\u00fclt\u00fcrlerine sahip \u00e7\u0131kmak ad\u0131na ayaklanmalara sevkeden, di\u011fer uluslarla mutlak d\u00fc\u015fmanl\u0131k d\u00fc\u015f\u00fcncesinin tohumlar\u0131n\u0131 atan Sh\u00f6renerer taraftarlar\u0131d\u0131r.<\/p>\n\n\n\n<p class=\"has-text-align-justify\">1875 y\u0131l\u0131nda, Almanya\u2019n\u0131n do\u011fusu, Hoyerswerda \u015fehrinde do\u011fan Adam Alfred Rudolf Glauer, tarih\u00ee kay\u0131tlara g\u00f6re, s\u0131radan bir lokomotif makinistinin o\u011fludur. Teknikerlik okuyan, y\u00fcksek okulu bitiremeyen ve gemilerde elektrik\u00e7i olarak \u00e7al\u0131\u015fmaya ba\u015flayan Glauer\u2019in yolu M\u0131s\u0131r\u2019a d\u00fc\u015fer. Hidiv Abbas Pa\u015fa\u2019n\u0131n hizmetinde yer alan toprak a\u011fas\u0131, ayn\u0131 zamanda bir Bekta\u015f\u00ee olan H\u00fcseyin Pa\u015fa ile tan\u0131\u015f\u0131r ve onun maiyetine girer. 1900 y\u0131l\u0131nda H\u00fcseyin Pa\u015fa ile birlikte \u0130stanbul\u2019a gelen Glauer, Pa\u015fa\u2019n\u0131n y\u00f6nlendirmesi ile Beykoz Camii\u2019nin imam\u0131ndan T\u00fcrk\u00e7e dersleri al\u0131r.<\/p>\n\n\n\n<p class=\"has-text-align-justify\">Hitler\u2019den \u00d6nce ve Hitler\u2019den Sonra adl\u0131 kitab\u0131ndaki ara\u015ft\u0131rmalar\u0131n\u0131 Cumhuriyet gazetesinde 1992 y\u0131l\u0131nda yaz\u0131 dizisi olarak yay\u0131nlayan Aytun\u00e7 Alt\u0131ndal\u2019\u0131n iddias\u0131na g\u00f6re H\u00fcseyin Pa\u015fa s\u0131radan biri de\u011fildir. Bekta\u015f\u00ee olmas\u0131n\u0131n yan\u0131 s\u0131ra, ok\u00fcltisttir ve ebced, n\u00fcmeroloji gibi konularda \u00f6zel bilgileri vard\u0131r. Glauer\u2019in Mevlev\u00ee tekkelerine girmesini sa\u011flayan Pa\u015fa onu, Bursa\u2019daki \u00e7iftliklerinde \u00e7al\u0131\u015ft\u0131r\u0131r. Glauer, bu \u015fehirde ipek t\u00fcccarl\u0131\u011f\u0131 yapan ve banker olan Termud\u00ee ad\u0131nda Yahudi bir ailenin yan\u0131nda, yine Pa\u015fa\u2019n\u0131n y\u00f6nlendirmesiyle kal\u0131r. Bu aile de ok\u00fcltisttir, mistisizm ve kabbala gibi konulara hakimdir ve Glauer\u2019e bu konularda ders vermi\u015flerdir. Glauer\u2019in 1924\u2019te yazd\u0131\u011f\u0131 Eski T\u00fcrk Masonlar\u0131n\u0131n Uygulamalar\u0131-Bekta\u015f\u00ee, G\u00fclha\u00e7 ve Simya S\u0131rlar\u0131 adl\u0131 kitab\u0131n\u0131 basan ve orjinal kitap metnine alt\u0131 adet yorum-de\u011ferlendirme yaz\u0131s\u0131 ekleyen Hermes Yay\u0131nc\u0131l\u0131k bask\u0131s\u0131nda, ayn\u0131 zamanda yay\u0131nevinin sahibi olan Kemal Menemencio\u011flu taaf\u0131ndan yaz\u0131lan makalede, Glauer\u2019in M\u0131s\u0131r\u2019da iken, Pa\u015fa\u2019n\u0131n maiyetinde olan \u0130brahim Pa\u015fa\u2019dan piramitlerle ilgili ok\u00fcltist dersler ald\u0131\u011f\u0131 da belirtilmi\u015ftir.<\/p>\n\n\n\n<p class=\"has-text-align-justify\">Rudolf Glauer\u2019in Bursa\u2019da kald\u0131\u011f\u0131 aile onu, ailenin mensup oldu\u011fu mason locas\u0131na inisiye eder ve k\u00fct\u00fcphanelerinin varisi olarak da Glauer\u2019i tayin ederler. Rudolf ge\u00e7mi\u015f oldu\u011fu tedris\u00e2t\u0131n \u00fczerine, eski kuzey mitlerinin r\u00fcnlerine dayanan Alman gizemcili\u011fiyle ayn\u0131 kaynaktan geldi\u011fini d\u00fc\u015f\u00fcnd\u00fc\u011f\u00fc tasavvuf konusuna daha \u00e7ok e\u011filir ve sahip oldu\u011fu ezoterik\/gizemci bak\u0131\u015f a\u00e7\u0131s\u0131n\u0131 bununla harmanlamaya ba\u015flar. 1908 y\u0131l\u0131nda \u0130stanbul Beyo\u011flu\u2019nda tuttu\u011fu evde \u00e7evresindeki Alman ve \u0130svi\u00e7reli\u2019lere bu konularda konu\u015fmalar yapmaya ba\u015flam\u0131\u015ft\u0131r. 1910 y\u0131l\u0131nda Beyo\u011flu\u2019nda Thule Cemiyeti\u2019ni kurar. Bu cemiyet, t\u00fcm bu gizemci karanl\u0131k bilgilerin, aryan \u0131rk sevdas\u0131n\u0131n ve \u00fcst\u00fcn Alman\u2019c\u0131l\u0131k fikrinin doktrinlerini geli\u015ftirmekle me\u015fg\u00fbld\u00fcr.\u00a0<\/p>\n\n\n\n<p class=\"has-text-align-justify\">Glauer, 1911 y\u0131l\u0131nda Osmanl\u0131 vatanda\u015fl\u0131\u011f\u0131na ge\u00e7er ve hemen ard\u0131ndan, soyu 8. y\u00fczy\u0131lda Alman \u0130mparatoru II. Otto\u2019nun dan\u0131\u015fmanl\u0131\u011f\u0131n\u0131 yapm\u0131\u015f y\u00fcksek s\u0131n\u0131ftan bir aileye dayanan ve \u00e7ocu\u011fu bulunmayan Heinrich von Sebottendorf taraf\u0131ndan yasal olarak evl\u00e2t ve tek varis edinilir. Eski T\u00fcrk Masonlar\u0131n\u0131n Uygulamalar\u0131 kitab\u0131n\u0131n makaleler b\u00f6l\u00fcm\u00fcnde Mehmet Salt\u0131k, Sebottendorf isminin Sat\u00fcrn ve k\u00f6yl\u00fc kelimelerinin birle\u015fiminden oldu\u011funu belirtir. -dorf do\u011fru olmakla birlikte, sebotten- kelimesini hen\u00fcz tespit edebilmi\u015f de\u011filim. Gen\u00e7li\u011finde zaman zaman Erwin Torre ismini kullanan Glauer\u2019in ad\u0131, bu evl\u00e2t edinilme ile Rudolf Baron von Sebottendorf olur. Art\u0131k soyludur. A\u00e7\u0131lmayan baz\u0131 kap\u0131lar, bu unvanla ona a\u00e7\u0131lacakt\u0131r. 1926-1928 y\u0131llar\u0131 aras\u0131nda T\u00fcrkiye\u2019de, Meksika\u2019n\u0131n fahr\u00ee konsoloslu\u011funu yapm\u0131\u015ft\u0131r.<\/p>\n\n\n\n<p class=\"has-text-align-justify\">\u0130ngiltere\u2019de 1969 y\u0131l\u0131nda yap\u0131lan bir soru\u015fturmaya dayal\u0131 olarak T\u00fcrk makamlar\u0131na iletilen resm\u00ee bir yaz\u0131ya cevap olarak T\u00fcrkiye\u2019nin Londra B\u00fcy\u00fckel\u00e7isi Zeki Kuneralp, Sebottendorf\u2019un Osmanl\u0131 ve T\u00fcrk vatanda\u015f\u0131 oldu\u011funu do\u011frulam\u0131\u015ft\u0131r.<\/p>\n\n\n\n<p class=\"has-text-align-justify\">Sebottendorf, kurdu\u011fu Thule Cemiyeti\u2019ni Almanya\u2019ya ta\u015f\u0131r ve oradaki ar\u00ee \u0131rk fikrinin takip\u00e7ileri ile bulu\u015fur. Burada M\u00fcnih G\u00f6zlemcisi gazetesini kurar ve ilk y\u00f6neticilerinden olur. O tarihlerde \u00f6nde gelen Pan-Germenist\u2019lerden Guido von List\u2019in 1920\u2019de vefat\u0131 \u00fczerine gazetede anma yaz\u0131s\u0131 yay\u0131mlan\u0131r. List, t\u00fcm bu \u00fcst\u00fcnc\u00fcl\u00fck fikirlerinin kurucular\u0131ndan biridir. \u201cVon\u201d yani baron unvan\u0131n\u0131 da kendi kendine koymu\u015ftur. Bu konuda siyas\u00ee tart\u0131\u015fmalara da sebep olan bu tav\u0131r, Sebottendorf\u2019un resm\u00ee yollarla elde etti\u011fi unvan meselesinin, kendi gayelerine ula\u015fmak i\u00e7in \u00f6nemli oldu\u011funu g\u00f6steriyor. M\u00fcnih G\u00f6zlemcisi gazetesi Nazi\u2019lerin resm\u00ee yay\u0131n organ\u0131d\u0131r ve 1945 y\u0131l\u0131na kadar bu unvan\u0131 ta\u015f\u0131maya devam eder.<\/p>\n\n\n\n<p class=\"has-text-align-justify\">Birinci D\u00fcnya Sava\u015f\u0131&#8217;n\u0131n kaybedilmesi \u00fczerine Almanya&#8217;da monar\u015finin y\u0131k\u0131lmas\u0131 ve Kas\u0131m Devrimi s\u00fcreciyle parlementer demokrasi kurulmas\u0131 gibi geli\u015fmeler ya\u015fan\u0131r ve \u00fclkenin ba\u015f\u0131na sosyalist ve Yahudi as\u0131ll\u0131 Kurt Eisner ge\u00e7er. Sovyet tehdidinin canl\u0131 oldu\u011fu bir d\u00f6nemde Alman toplumunun b\u00fcy\u00fck kesiminde Eisner&#8217;e kar\u015f\u0131 potansiyel bir tepki mevcuttur. Atmosferi kendi lehine kullanan Sebottendorf, yine Yahudi as\u0131ll\u0131 olan gen\u00e7 bir subay\u0131 azmettirerek 1919&#8217;da Eisner&#8217;in \u00f6l\u00fcm\u00fcne sebep olur. Bu suikast ile hem kendisinin ve Thule&#8217;nin etkinli\u011fi artm\u0131\u015f, hem antisemitik ve antisosyalist s\u00f6ylem \u00f6zg\u00fcven elde etmi\u015f, hem de monar\u015fi kar\u015f\u0131t\u0131 hava da\u011f\u0131lm\u0131\u015ft\u0131r. <\/p>\n\n\n\n<p class=\"has-text-align-justify\">Thule Cemiyeti ayn\u0131 y\u0131l, Alman \u0130\u015f\u00e7i Partisi\u2019ni kurar. Partinin 1921 y\u0131l\u0131nda Nasyonel Sosyalist Alman \u0130\u015f\u00e7i Partisi\u2019ne d\u00f6n\u00fc\u015fmesi ve Hitler\u2019in ke\u015ffedilmesi ve partinin ba\u015f\u0131na getirilmesi bizzat Sebottendorf taraf\u0131ndan ger\u00e7ekle\u015fir. Bu i\u015flerde, partinin kurucular\u0131 aras\u0131nda da yer alan Dietrich Eckardt g\u00f6revlendirilir. Eckardt\u2019\u0131n 1923\u2019te \u00f6lmeden \u00f6nceki son s\u00f6zleri \u015f\u00f6yledir: <strong>\u201cHitler\u2019in ard\u0131ndan gidiniz. O dans edecektir ama m\u00fczi\u011fi besteleyen benim. Ona, onlarla (?) ili\u015fki kurma imk\u00e2nlar\u0131n\u0131 verdik. Ard\u0131mdan ac\u0131may\u0131n\u0131z; \u00e7\u00fcnk\u00fc tarihi en \u00e7ok etkileyen Alman ben olaca\u011f\u0131m.\u201d<\/strong><\/p>\n\n\n\n<p class=\"has-text-align-justify\">Thule, kuzey\/nordik mitolojide yer alan, Kuzey Buz Denizi b\u00f6lgesinde, \u0130zlanda yak\u0131nlar\u0131nda oldu\u011fu iddia edilen, Atlantis ile ba\u011fda\u015ft\u0131r\u0131lan ve sular alt\u0131nda kald\u0131\u011f\u0131na inan\u0131lan mitik bir adan\u0131n ismidir. Aryan d\u00fc\u015f\u00fcncesi, \u00fcst\u00fcn \u0131rk\u0131n ilk vatan\u0131 Thule \u00fclkesine dayand\u0131r\u0131l\u0131r. Hatta \u0130zlanda bu anlamda \u00f6nemsenmekte, Katolikli\u011fin ezdi\u011fi, Roma \u0130mparatorlu\u011fu\u2019nun bask\u0131lad\u0131\u011f\u0131 ar\u00ee T\u00f6tonlar\u0131n\/Germenlerin genetik olarak saf kald\u0131\u011f\u0131 bir k\u0131s\u0131m n\u00fcfusun orada oldu\u011funa inanmaktad\u0131rlar. \u015eu \u00e2nda Gr\u00f6nland\u2019\u0131n Qaanaak \u015fehrinde, ABD\u2019ye ait Thule adl\u0131 bir hava \u00fcss\u00fc bulunur ve bu \u00fcs 1982 y\u0131l\u0131ndan itibaren ABD\u2019nin, Thule Hava ve Uzay \u00dcss\u00fc olarak \u00e7al\u0131\u015ft\u0131r\u0131lmaktad\u0131r.<\/p>\n\n\n\n<p class=\"has-text-align-justify\">Svastika adl\u0131, formu de\u011fi\u015ftirilmi\u015f ha\u00e7 \u015fekli de Thule\u2019nin ic\u00e2d\u0131d\u0131r. Thule Cemiyeti&#8217;nin armas\u0131, daha \u00e7ok oryantal bir han\u00e7er formunda, \u00fczerinde hil\u00e2l kondurulmu\u015f ve svastika ile birlikte olarak tasarlan\u0131r. Armada, \u0130stanbul Beyo\u011flu&#8217;ndaki kurulu\u015f tarihi olan 1910 de\u011fil, Almanya\u2019da faaliyetlere ba\u015flan\u0131lan 1919 tarihi yaz\u0131l\u0131r. Nazi parti program\u0131 ve t\u00fcm uygulama altyap\u0131s\u0131 bu cemiyet ve Sebottendorf taraf\u0131ndan belirlenir. Asl\u0131nda, belirleyici olan Almanlar\u2019\u0131n i\u00e7inden \u00e7\u0131kan \u00f6nc\u00fcl aryan saplant\u0131s\u0131, ok\u00fclt ve gizemci ak\u0131m merak\u0131 ve organizasyonel \u00e7al\u0131\u015fmalar\u0131n \u00fcr\u00fcn\u00fc olarak Sebottendorf ad\u0131yla ortaya \u00e7\u0131kan operasyondur. Antisemitizmin en sert \u015feklini hayata ge\u00e7iren bir hareketin fikir babas\u0131 olarak, mason localar\u0131 ve \u00f6nemli Yahudi ailelerle yo\u011fun irtibat ve mesai i\u00e7inde olan ve mason uygulamalar\u0131na dair ayr\u0131nt\u0131l\u0131 bir kitap yazan Sebottendorf, k\u00fcresel bir operasyonun par\u00e7as\u0131d\u0131r.<\/p>\n\n\n\n<div class=\"wp-block-image\"><figure class=\"aligncenter\"><img decoding=\"async\" src=\"https:\/\/lh4.googleusercontent.com\/w2lqo9Fa68KGX39F8wQtuB-zHDZq3poY_9gHSvH0ACxJz450oAtmkZg7P34vfVR-B1xZAMtmKlnA2S5yrSl2Rj3DjdVwfe7M_5qtnBkp0nHcOw1kwN9yxupgDhna75OxAK-PSWf-\" alt=\"\"\/><figcaption>                                                                           <strong>Thule Cemiyeti\u2019nin armas\u0131<\/strong><\/figcaption><\/figure><\/div>\n\n\n\n<p class=\"has-text-align-justify\">1933\u2019te \u201cHitler Gelmeden \u00d6nce\u201d adl\u0131 bir kitap yay\u0131nlar ve Hitler hik\u00e2yesinin mimar\u0131n\u0131n kendisi oldu\u011funu anlat\u0131r. Hitler, eski monar\u015fi ile ilgili ele\u015ftrilerinden ve kendisine y\u00f6nelik ho\u015funa gitmeyen ifadelerinden \u00f6t\u00fcr\u00fc Sebottendorf\u2019u 1934 y\u0131l\u0131nda tutuklatt\u0131r\u0131r. T\u00fcrk vatanda\u015fl\u0131\u011f\u0131 sayesinde d\u0131\u015far\u0131 \u00e7\u0131kar ancak s\u0131n\u0131rd\u0131\u015f\u0131 edilir. Bunun \u00fczerine T\u00fcrkiye\u2019ye d\u00f6ner. 1945 y\u0131l\u0131nda Bo\u011fazi\u00e7i\u2019nde intihar etti\u011fi iddia edilir. Ancak 1950\u2019lerde Adana ve Antalya\u2019da bizzat kendi ad\u0131yla ticaret yapt\u0131\u011f\u0131na dair kay\u0131tlar bulunur. Aytun\u00e7 Alt\u0131ndal\u2019\u0131n Bilinmeyen Hitler adl\u0131 kitab\u0131nda, 1957 y\u0131l\u0131nda \u0130ngiltere\u2019ye, 50 y\u0131l sonra a\u00e7\u0131klanmas\u0131 \u015fart\u0131yla belgeler g\u00f6nderdi\u011fi iddia edilir. Yine 1957\u2019de Adana\u2019da bir otelde kald\u0131\u011f\u0131 resm\u00ee belgelere dayand\u0131r\u0131l\u0131r. Hayat\u0131 gibi, \u00f6l\u00fcm\u00fc de gizemli olmu\u015ftur.<\/p>\n\n\n\n<p class=\"has-text-align-justify\">Nazizm\u2019i ikiye ay\u0131rmak gerekiyor. Birinci katmanda Nazi\u2019lerin ve Hitler\u2019in kamuoyu y\u00f6netimine ait siyaset metodlar\u0131 yer al\u0131yor. Burada maksimum seviyede propaganda, \u00fcst\u00fcnc\u00fcl\u00fck, ve pop\u00fclizm var. \u0130kinci katmanda, ok\u00fclt (evrenin b\u00fcy\u00fc ve tesirlerle y\u00f6netildi\u011fi, gizcilik anlam\u0131na gelen, do\u011fa\u00fcst\u00fcne tapan inan\u0131\u015f), mistisizm ve kabbalan\u0131n ta\u015f\u0131d\u0131\u011f\u0131 d\u00fcnya g\u00f6r\u00fc\u015f\u00fcne sahip olan kurmaylar\u0131 g\u00f6r\u00fcr\u00fcz. Nazi bilim insanlar\u0131 taraf\u0131ndan, yeralt\u0131nda m\u00fcstak\u00eel d\u00fcnyalar ve ekosistemlerin, ayr\u0131 bir g\u00fcne\u015fin oldu\u011funu iddia eden Oyuk D\u00fcnya Teorisi ve d\u00fcnyan\u0131n d\u0131\u015f\u0131nda de\u011fil, i\u00e7 b\u00fckey olarak i\u00e7inde ya\u015fad\u0131\u011f\u0131m\u0131z\u0131, evrenin bu d\u00fcnya kayas\u0131ndan ibaret oldu\u011funu iddia eden Buzul D\u00fcnya\/Evren Teorisi gibi u\u00e7uk savlar ara\u015ft\u0131r\u0131lmaktad\u0131r.<\/p>\n\n\n\n<p class=\"has-text-align-justify\">Fa\u015fist bir rejimle \u00fclkesini y\u00f6neten Nazi\u2019lerin, her konu ba\u015fl\u0131\u011f\u0131nda, y\u0131k\u0131m sonras\u0131 yeniden in\u015fa plan\u0131yla hareket etmeleri sebebiyle, bilim d\u00fcnyas\u0131na ait verileri de ayn\u0131 \u015fekilde y\u0131k\u0131m\/yap\u0131m \u015feklinde belirlemek istemesinin \u00fcr\u00fcn\u00fc olan bu yakla\u015f\u0131mlar, Almanya\u2019y\u0131 y\u00f6netirken birbirinden ayr\u0131 katmanlar halinde \u00e7al\u0131\u015ft\u0131klar\u0131n\u0131 g\u00f6steriyor. Zira bu teorileri, kamuoyuna kab\u00fbl ettirmeye \u00e7al\u0131\u015ft\u0131klar\u0131n\u0131 g\u00f6rm\u00fcyoruz. Sava\u015f\u0131n patlak vermesinden \u00f6nceki y\u0131llarda ve sava\u015f y\u0131llar\u0131nda, kamuoyu tek bir hedefe y\u00f6nlendirilmeye \u00e7al\u0131\u015f\u0131l\u0131yor. O da, aryan \u0131rk\u0131n \u00fcst\u00fcnl\u00fc\u011f\u00fc ve di\u011ferlerinin d\u00fc\u015fman oldu\u011fu fikrinin toplumda yerle\u015fmesi hedefidir. Bu nev\u2019iden d\u00fcnya g\u00f6r\u00fc\u015f\u00fc meseleleri hem hen\u00fcz onlar\u0131n da \u00fczerinde \u00e7al\u0131\u015f\u0131p geli\u015ftirmeye \u00e7al\u0131\u015ft\u0131klar\u0131 konulard\u0131r, hem de bunlar kurmaylar\u0131n kendi d\u00fcnyalar\u0131na ait i\u015flerdir.<\/p>\n\n\n\n<p class=\"has-text-align-justify\">Sava\u015f biter, Nazi\u2019ler kaybeder. \u0130ddialar\u0131n\u0131n ve giri\u015ftikleri kavgan\u0131n b\u00fcy\u00fckl\u00fc\u011f\u00fcn\u00fcn kar\u015f\u0131l\u0131\u011f\u0131 olarak ma\u011flubiyet ve bedel de b\u00fcy\u00fckt\u00fcr. \u00dcst d\u00fczey kurmaylarda \u00e7ok say\u0131da intihar ya\u015fan\u0131r. M\u00fcttefiklere yakalanmamak, \u00f6ld\u00fcr\u00fclmemek veya yarg\u0131lanmamak i\u00e7in ka\u00e7an ka\u00e7anad\u0131r. ABD, bu a\u015famada Nazizm\u2019e hizmet eden bilim insanlar\u0131n\u0131n kendi b\u00fcnyesine dahil edilmesine y\u00f6nelik olarak Paperclip Operasyonu\u2019nu ba\u015flat\u0131r. Sovyetlerden bu bilim insanlar\u0131n\u0131 ka\u00e7\u0131rmay\u0131 ve \u00fclkesine g\u00f6t\u00fcrmeyi ba\u015faran ABD, yakla\u015f\u0131k 1.600 bilim insan\u0131n\u0131 bir program dahilinde aileleriyle birlikte (bir k\u0131sm\u0131 \u0130ngiltere\u2019ye de gider) al\u0131r ve onlar\u0131 kendi kurumlar\u0131nda \u00e7al\u0131\u015ft\u0131rmay\u0131 ba\u015far\u0131r. Roket, havac\u0131l\u0131k, uzay m\u00fchendisli\u011fi, kimya, t\u0131p, jeofizik, elektronik ve di\u011fer m\u00fchendislik dallar\u0131nda uzman bu ki\u015filer bug\u00fcn d\u00fcnya end\u00fcstrisinde var\u0131lan teknolojik geli\u015fmelerde \u00f6nemli pay sahibi olmu\u015flard\u0131r.<\/p>\n\n\n\n<figure class=\"wp-block-image is-resized\"><img loading=\"lazy\" decoding=\"async\" src=\"https:\/\/lh3.googleusercontent.com\/f9jshF15Jku34BHOJ1NUbaw8am8lGjgU3yvGtQ0BkliqTlLafCOYMP2e_0eWIFe7ggXrI7wgx3Os5xfd_4mr2JakiALohVljJkZoU_Bj63e1eR2l2P65k5NRkyU7lM3D4W_HnG-j\" alt=\"\" width=\"630\" height=\"254\"\/><figcaption><strong>&#8220;Alman bilim insanlar\u0131 ABD taraf\u0131ndan g\u00f6reve al\u0131nd\u0131&#8221;<\/strong><\/figcaption><\/figure>\n\n\n\n<figure class=\"wp-block-image size-large is-resized\"><img loading=\"lazy\" decoding=\"async\" src=\"https:\/\/www.notionclubnotes.com\/wp-content\/uploads\/2020\/05\/1-1024x448.jpeg\" alt=\"\" class=\"wp-image-142\" width=\"627\" height=\"273\"\/><figcaption><strong>NASA ve di\u011fer end\u00fcstriyel kurumlarda \u00e7al\u0131\u015fmaya ba\u015flayan eski Nazi Partisi bilim insanlar\u0131<\/strong><\/figcaption><\/figure>\n\n\n\n<p class=\"has-text-align-justify\">Paperclip Operasyonu\u2019nun listesinin en ba\u015f\u0131nda yer alan isim ise Wernher Magnus Maximilian von Braun\u2019dur. Von Braun, Nazi Almanyas\u0131 ad\u0131na uzaya ula\u015fan d\u00fcnyadaki ilk balistik f\u00fcze V-2\u2019nin mucididir. Bir Nazi binba\u015f\u0131s\u0131 olan von Braun, \u00f6nc\u00fcl\u00fck etti\u011fi V-2 f\u00fczesinin bilgi birikimi ile ABD\u2019ye gelir. ABD\u2019nin Sat\u00fcrn-5 f\u00fczesi von Braun\u2019un tasar\u0131m\u0131d\u0131r ve bu f\u00fczenin projesinde, onunla beraber 700 tane Nazi bilim insan\u0131 \u00e7al\u0131\u015fm\u0131\u015ft\u0131r.<\/p>\n\n\n\n<p class=\"has-text-align-justify\">Sat\u00fcrn-5, ABD\u2019li 24 astronotu Apollo G\u00f6revleri \u00e7er\u00e7evesinde Ay\u2019a g\u00f6t\u00fcren ve geri getiren f\u00fcze sistemidir. NASA&#8217;da, bir Nazi bilim insan\u0131 olan von Braun ve onunla birlikte y\u00fczlerce Alman, ABD&#8217;nin en derin ve mahrem odalar\u0131na girmi\u015ftir.<\/p>\n\n\n\n<p class=\"has-text-align-justify\">1934\u2019te Nazi rejiminin, Sebottendorf\u2019u tutuklatmas\u0131 ve s\u0131n\u0131rd\u0131\u015f\u0131 etmesi s\u00fcrecinde, bu iki grubun yollar\u0131n\u0131n g\u00f6r\u00fcn\u00fcrde ayr\u0131ld\u0131\u011f\u0131n\u0131 g\u00f6r\u00fcyoruz. Nazizm sava\u015f\u0131n kaybedilmesi ile sona ererken, onun kurucu felsefesinin y\u00fcr\u00fct\u00fcc\u00fcleri sahnede kalm\u0131\u015f, hedeflerine giden yolda \u00e7al\u0131\u015fmaya devam ediyor olabilirler. Thule&#8217;nin kurulu\u015f fikrinde yer alan unsurlar\u0131 biraz daha ayr\u0131nt\u0131l\u0131 h\u00e2le getirecek ve parantezi s\u00fcrd\u00fcrece\u011fim.<\/p>\n","protected":false},"excerpt":{"rendered":"<p>\u00dcst\u00fcnc\u00fcl\u00fc\u011fe dayal\u0131 s\u00f6ylemlerin \u00f6nc\u00fcs\u00fc \u015feytand\u0131r. Yarat\u0131l\u0131\u015f\u0131nda yer alan ate\u015f unsurunu ve ba\u015fta kendini, Hazret-i Adem\u2019den ve ona y\u00f6nelik il\u00e2h\u00ee plandan \u00fcst\u00fcn g\u00f6r\u00fcr ve bundan sonra ona d\u00fc\u015fman olur. Ayn\u0131 emre muhatap olan melekler, let\u00e2fet ve temizlikleriyle, yarat\u0131l\u0131\u015flar\u0131nda bulunan nur\u00e2niyetle ayn\u0131 de\u011ferlendirmeyi yapsalar idi onlar da, hen\u00fcz hakik\u00e2ti de ortaya \u00e7\u0131kmam\u0131\u015f, toprak unsurundan bir kimseye secde [&hellip;]<\/p>\n","protected":false},"author":1,"featured_media":0,"comment_status":"open","ping_status":"open","sticky":false,"template":"","format":"standard","meta":{"footnotes":""},"categories":[1],"tags":[],"class_list":["post-138","post","type-post","status-publish","format-standard","hentry","category-uncategorized"],"_links":{"self":[{"href":"http:\/\/notionclubnotes.com\/index.php?rest_route=\/wp\/v2\/posts\/138","targetHints":{"allow":["GET"]}}],"collection":[{"href":"http:\/\/notionclubnotes.com\/index.php?rest_route=\/wp\/v2\/posts"}],"about":[{"href":"http:\/\/notionclubnotes.com\/index.php?rest_route=\/wp\/v2\/types\/post"}],"author":[{"embeddable":true,"href":"http:\/\/notionclubnotes.com\/index.php?rest_route=\/wp\/v2\/users\/1"}],"replies":[{"embeddable":true,"href":"http:\/\/notionclubnotes.com\/index.php?rest_route=%2Fwp%2Fv2%2Fcomments&post=138"}],"version-history":[{"count":0,"href":"http:\/\/notionclubnotes.com\/index.php?rest_route=\/wp\/v2\/posts\/138\/revisions"}],"wp:attachment":[{"href":"http:\/\/notionclubnotes.com\/index.php?rest_route=%2Fwp%2Fv2%2Fmedia&parent=138"}],"wp:term":[{"taxonomy":"category","embeddable":true,"href":"http:\/\/notionclubnotes.com\/index.php?rest_route=%2Fwp%2Fv2%2Fcategories&post=138"},{"taxonomy":"post_tag","embeddable":true,"href":"http:\/\/notionclubnotes.com\/index.php?rest_route=%2Fwp%2Fv2%2Ftags&post=138"}],"curies":[{"name":"wp","href":"https:\/\/api.w.org\/{rel}","templated":true}]}}