{"id":86,"date":"2020-04-25T17:37:53","date_gmt":"2020-04-25T14:37:53","guid":{"rendered":"https:\/\/www.notionclubnotes.com\/?p=86"},"modified":"2020-04-25T17:37:53","modified_gmt":"2020-04-25T14:37:53","slug":"sinirlari-zorlamak","status":"publish","type":"post","link":"http:\/\/notionclubnotes.com\/?p=86","title":{"rendered":"S\u0131n\u0131rlar\u0131 Zorlamak"},"content":{"rendered":"\n<p class=\"has-drop-cap has-text-align-justify\">Duvardaki d\u00fc\u011fmeye bast\u0131\u011f\u0131mda \u0131\u015f\u0131k a\u00e7\u0131l\u0131r. As\u0131l\u0131 ampul\u00fcn i\u00e7inde d\u00f6nen elektrik, sigorta kutusunda y\u00fckl\u00fc pillerden gelmez. Biraz daha uzakta, trafoda da haz\u0131r bekletilen elektrik iyonlar\u0131 depolu de\u011filler. Daha da uza\u011fa gitseniz, sizi haz\u0131r bekleyen, elektrik enerjisinin kesintiye u\u011frad\u0131\u011f\u0131 bir nokta bulamazs\u0131n\u0131z. Ta ki suyun biriktirildi\u011fi baraj\u0131n havuzundaki milyonlarca metrek\u00fcpl\u00fck alana var\u0131ncaya kadar. O su, trib\u00fcnden ge\u00e7ip \u00fcretim ba\u015flarken eletri\u011fin kesintisiz olarak odama kadar varan uzun yolculu\u011fu da ba\u015flam\u0131\u015ft\u0131r. Arada yer alan birtak\u0131m adresler reg\u00fclasyonu sa\u011flar. Milyonlarca kilovat\u0131, ta\u015f\u0131yabilece\u011fim ve bana o \u00e2n i\u00e7in laz\u0131m olan miktara indirgeyen sistemin ara \u00fcniteleri vard\u0131r. Ancak odama ve var olan t\u00fcm odalara kadar, arada kesinti olmaks\u0131z\u0131n, s\u00fcrekli gerilim halinde olan bir ak\u0131\u015f var.<\/p>\n\n\n\n<!--more-->\n\n\n\n<p class=\"has-text-align-justify\">Kayyum, Allah\u2019\u0131n bir ismidir. Kendi zat\u0131 ile var olan, ba\u015fka dayana\u011fa ihtiyac\u0131 olmaks\u0131z\u0131n var olan ve var eden, varl\u0131kta tutan gibi anlamlara geliyor. Allah\u2019\u0131n Kayyum ismi ve di\u011fer t\u00fcm isim ve s\u0131fatlar\u0131n\u0131n tecelli etmesi, yans\u0131mas\u0131, biz bu meseleleri d\u00fc\u015f\u00fcnm\u00fcyorken edilgen de, biz tefekk\u00fcr etmeye ba\u015flay\u0131nca etkin h\u00e2le gelmiyor. Ak\u0131\u015f her \u00e2n\u0131n i\u00e7inde ve \u00e2n\u0131 ku\u015fat\u0131c\u0131 bir \u015fekilde daim ve kaim olmal\u0131 ki, mutlak bir Z\u00e2t\u2019tan s\u00f6z edebilelim. Ak\u0131\u015f\/tecelliler, \u00e2nl\u0131k, kesintisiz ve k\u00f6ke do\u011frudan ba\u011fl\u0131 bir surette duyular\u0131m\u0131za ula\u015f\u0131r. Reg\u00fcle edilmeden ula\u015fsa belimiz b\u00fck\u00fclecek. Talep ve kapasiteyi artt\u0131rabilmi\u015fseniz ne \u00e2l\u00e2.<\/p>\n\n\n\n<p class=\"has-text-align-justify\">\u0130nsan, her s\u00fcrecin kendi kendini teyid etmesini ister. Her yeni g\u00fcn ve saatte, yeni geli\u015fmeler kar\u015f\u0131s\u0131nda, do\u011fru bildiklerimizin sa\u011flam kalabildi\u011fini, y\u0131k\u0131lmad\u0131\u011f\u0131n\u0131 g\u00f6rmek isteriz. O do\u011fru her ne olursa olsun, kesinti g\u00f6rmemesi laz\u0131m. Yeni durum ve ko\u015fullar, bunu de\u011fi\u015ftirememeli. O sebeple, bir kimse ya da bir eser hakk\u0131nda, bir bilgi hakk\u0131nda nezdinizde bir kanaat olu\u015fmu\u015fsa, yine de s\u00fcrecin kendi kendini teyid edip etmedi\u011fine bakars\u0131n\u0131z. Belki de- deyip \u015f\u00fcpheli sorular sorars\u0131n\u0131z kendinize, ancak o do\u011fruluk h\u00e2l\u00e2 ayakta durabiliyorsa, \u015f\u00fcphe vazifesini yapm\u0131\u015ft\u0131r ve geride b\u0131rak\u0131lmal\u0131d\u0131r. \u0130nan\u00e7, bilgi, g\u00fcven gibi olgular kar\u015f\u0131s\u0131nda insan, kalb\u00ee, akl\u00ee ve vicdan\u00ee devaml\u0131l\u0131k talep eder. Allah\u2019a inan\u0131yorsan\u0131z, bunun devam\u0131 i\u00e7in tecellilerindeki ak\u0131\u015f\u0131 devaml\u0131 takip etmeniz gerekir. Bir kayna\u011f\u0131 irdeliyor ve i\u00e7inde bir hakik\u00e2t oldu\u011funa inan\u0131yorsan\u0131z, onun her k\u00f6\u015fesini irdelemeye, ba\u015fka hakik\u00e2tlerle teyid etmeye, en az\u0131ndan tefekk\u00fcr d\u00fcnyan\u0131zda size s\u0131cak ve yak\u0131n gelen \u015feylerle uyumlu olmas\u0131na \u00f6nem verirsiniz. Ak\u0131\u015f kesintisiz olmal\u0131.<\/p>\n\n\n\n<p class=\"has-text-align-justify\">Farkl\u0131 mecralar\u0131n, farkl\u0131 frekanslar\u0131n ayn\u0131 ya da benzer bir dili kullan\u0131yor olmas\u0131n\u0131, ayn\u0131 ya da benzer, birbiriyle uyumlu bir arg\u00fcman\u0131, teoriyi veya iddiay\u0131 ta\u015f\u0131yor olmas\u0131n\u0131 \u00f6nemsiyorum. Bu tip bulu\u015fmalar\u0131, bir ipucu, pe\u015finden gidilmeye de\u011fer bir ara\u015ft\u0131rma kap\u0131s\u0131 olarak g\u00f6r\u00fcyorum. \u00c7\u00fcnk\u00fc, kimlik ay\u0131rdetmeksizin herkesin odas\u0131n\u0131 ayd\u0131nlatmaya gelen bir ak\u0131\u015f var.<\/p>\n\n\n\n<p class=\"has-text-align-justify\">Kainat\u0131n\/Varl\u0131\u011f\u0131n, tek tanr\u0131 Iluvatar taraf\u0131ndan Ainur\u2019un M\u00fczi\u011fi kullan\u0131larak yarat\u0131lmas\u0131n\u0131 takiben, i\u00e7inden ge\u00e7ilen (\u0130ki) Lamba Y\u0131llar\u0131, (\u0130ki) A\u011fa\u00e7 Y\u0131llar\u0131, G\u00fcne\u015f Y\u0131llar\u0131 ve \u0130lk \u00c7a\u011f ve devam\u0131nda \u0130kinci, \u00dc\u00e7\u00fcnc\u00fc, D\u00f6rd\u00fcnc\u00fc \u00c7a\u011flar Orta D\u00fcnya tarihini olu\u015fturuyor. Bu silsilenin en ba\u015f\u0131ndan D\u00f6rd\u00fcnc\u00fc \u00c7a\u011f\u2019a kadar b\u00fcy\u00fck sava\u015flara sebep olmu\u015f Melkor, ad\u0131na Dagor Dagorath (Sava\u015flar Sava\u015f\u0131\/Son Sava\u015f) denilen hadiseye kadar sahnede hep var. Melkor\u2019un, Ainur\u2019un M\u00fczi\u011fi s\u0131ras\u0131ndaki galip ismi, aradan ge\u00e7en zaman ve sab\u0131ka kayd\u0131na eklenen a\u011f\u0131r su\u00e7lar sonucunda Morgoth olur. Melkor\u2019un ilk hecesi, MBEL k\u00f6k\u00fcnden gelen \u201cmelek\u201d isminden geliyor. Bu kelime, Tolkien\u2019in yazmalar\u0131nda bu haliyle yer al\u0131yor. Anlam\u0131, g\u00fc\u00e7l\u00fc, y\u00fcce demek. ORE k\u00f6k\u00fcnden gelen ikinci hece ise kalp, \u015fuur ya da y\u00fckseli\u015fte olan gibi anlamlara geliyor. Esasen, melek kelimesi Arap\u00e7a\u2019da da g\u00fc\u00e7-g\u00fc\u00e7l\u00fc anlamlar\u0131nda kullan\u0131l\u0131r. M\u00e2lik, m\u00fclk, meleke (akl\u00ee meleke gibi) gibi kelimeler, sahiplik, kuvvet alan\u0131 i\u00e7eren anlamlar\u0131yla melek ile ayn\u0131 k\u00f6kten gelirler. Valar s\u0131n\u0131f\u0131 Tolkien\u2019in kendi yazmalar\u0131nda \u201cangelic powers\u201d olarak ge\u00e7er. Melek\u00fbt\u00ee kuvve(t)lerdir Valar. Melkor\u2019un, yapt\u0131klar\u0131 ya da y\u0131kt\u0131klar\u0131 neticesinde, ad\u0131 Morgoth olur. Bu ismi, kendisi de kullan\u0131r. Kara D\u00fc\u015fman ya da Tiran anlam\u0131na gelir. Kara Diyar demek olan Mordor\u2019daki \u201cmor\u201d hecesi Morgoth\u2019taki ile ayn\u0131 kelimedir.<\/p>\n\n\n\n<p class=\"has-text-align-justify\">Morgoth, \u0130lk \u00c7a\u011f\u2019\u0131n 545. y\u0131l\u0131nda ba\u015flayan Gazap Sava\u015f\u0131\u2019n\u0131 kaybeder. Arda\u2019daki kararg\u00e2h\u0131, Demir Da\u011flar\u2019\u0131n alt\u0131ndaki Utumno y\u0131k\u0131l\u0131r. Valar onu, Gece Kap\u0131s\u0131\u2019ndan, D\u00fcnya\u2019n\u0131n Duvarlar\u0131\u2019n\u0131n \u00f6tesine, Zamans\u0131z Bo\u015fluk\u2019a iter. O duvarlar\u0131n \u00fczerine de s\u00fcrekli bir bek\u00e7i tayin ederler. \u0130nsan bir babadan ve Elf bir anneden olma, \u0130lk \u00c7a\u011f\u2019\u0131n 503. y\u0131l\u0131 Gondolin \u015fehri do\u011fumlu Earendil bu g\u00f6reve atan\u0131r. Ad\u0131n\u0131n anlam\u0131 deniz a\u015f\u0131\u011f\u0131d\u0131r. Earendil, gardiyanl\u0131k vazifesini yaparken, Vingilot (K\u00f6p\u00fck \u00c7i\u00e7e\u011fi) adl\u0131 gemisini kullan\u0131r. Gazap Sava\u015f\u0131\u2019ndan \u00f6nce Arda\u2019n\u0131n fizik\u00ee denizlerinde dalgalar\u0131 k\u00f6p\u00fcrten Vingilot, Valar\u2019\u0131n atad\u0131\u011f\u0131 g\u00f6rev ile seyrine g\u00f6kte devam eder. Earendil, \u00dc\u00e7 Silmaril\u2019den bir tanesini ta\u015f\u0131maktad\u0131r. Bu Silmaril, Melkor\u2019un Ungoliant ile birlikte keserek imha etti\u011fi \u0130ki A\u011fa\u00e7\u2019\u0131n \u0131\u015f\u0131\u011f\u0131n\u0131 ta\u015f\u0131r. Melkor\u2019un ma\u011flup oldu\u011fu sava\u015fta \u0130nsanlar ve Elfler i\u00e7in Valar\u2019dan yard\u0131mlar\u0131n\u0131 dileyen ki\u015fi de Earendil\u2019dir. Morgoth art\u0131k hareket alan\u0131 s\u0131n\u0131rland\u0131r\u0131lm\u0131\u015f, suretiyle ve bizzat bozgunculuk faaliyetlerine ve sava\u015flara kat\u0131lamaz. Ordusunu, komutan tayin etti\u011fi Sauron\u2019u ve \u015f\u00fcrek\u00e2s\u0131n\u0131 uzaktan, doktrinleriyle y\u00f6netecektir. Tolkien efsane tarihine g\u00f6re, Dagor Dagorath\u2019a kadar bu b\u00f6yledir.<\/p>\n\n\n\n<p class=\"has-text-align-justify\">Gece Kap\u0131s\u0131, Arda\u2019n\u0131n i\u00e7inde oldu\u011fu evrenin s\u0131n\u0131rlar\u0131n\u0131 te\u015fkil eden \u015eeylerin\/Nesnelerin Duvar\u0131\u2019na Valar taraf\u0131ndan konulmu\u015f bir kap\u0131d\u0131r. \u015eeylerin Duvar\u0131 Quenya dilinde Ilurambar olarak ge\u00e7er. Anlam\u0131 ayn\u0131 zamanda Evrenin Duvarlar\u0131\u2019d\u0131r. Bu duvarlar, D\u00fcnya\u2019y\u0131 ve onu \u00e7evreleyen b\u00fcy\u00fck okyanus Vai\u2019y\u0131 ku\u015fatan ve onlar\u0131 Bo\u015fluk karanl\u0131\u011f\u0131ndan ay\u0131ran \u015feydir. Gece Kap\u0131s\u0131, i\u015fte bu duvarlar\u0131n \u00fczerindedir.<\/p>\n\n\n\n<p class=\"has-text-align-justify\">&nbsp;Kay\u0131p \u00d6yk\u00fcler Kitab\u0131 1\u2019de Gece Kap\u0131s\u0131 \u015f\u00f6yle anlat\u0131l\u0131r:&nbsp;<\/p>\n\n\n\n<p class=\"has-text-align-justify\"><strong>Kap\u0131 orada, koyu mavi duvarlar\u0131n kar\u015f\u0131s\u0131nda simsiyah ve devasa bir \u015fekilde h\u00e2l\u00e2 y\u00fckselmektedir. S\u00fctunlar\u0131 en kudretli bazalttand\u0131r, \u00fcst e\u015fi\u011fi de ayn\u0131 \u015fekilde, ama onun \u00fczerine siyah ta\u015ftan b\u00fcy\u00fck ejderler oyulmu\u015ftur, a\u011f\u0131zlar\u0131ndan g\u00f6lgeli dumanlar d\u00f6k\u00fcl\u00fcr yava\u015f\u00e7a. Kap\u0131lar k\u0131r\u0131lamaz ve kimse onlar\u0131n nas\u0131l yap\u0131ld\u0131\u011f\u0131n\u0131 ya da yerle\u015ftirildi\u011fini bilmez, \u00e7\u00fcnk\u00fc Eldar\u2019a (ilk do\u011fan Elfler) bu korkun\u00e7 in\u015fan\u0131n i\u00e7inde bulunma izni verilmemi\u015ftir ve o tanr\u0131lar\u0131n son s\u0131rr\u0131yd\u0131; ve d\u00fcnyadaki hi\u00e7bir \u015fey o kap\u0131y\u0131 zorlayamayacakt\u0131, sadece mistik bir s\u00f6z a\u00e7abilirdi onu. Bu s\u00f6z\u00fc yaln\u0131zca Urwendi (Arien, G\u00fcne\u015f\u2019in sevk ve idare edicisi Maia) biliyordu ve bunu ona (Valar\u2019dan) Manwe s\u00f6ylemi\u015fti, \u00e7\u00fcnk\u00fc Gece Kap\u0131s\u0131\u2019n\u0131n \u00f6tesi d\u0131\u015f karanl\u0131kt\u0131, oray\u0131 ge\u00e7en ki\u015fi d\u00fcnyadan ve \u00f6l\u00fcmden ka\u00e7abilirdi, Yery\u00fcz\u00fc\u2019nde ya\u015fayanlar\u0131n kulaklar\u0131 hen\u00fcz b\u00f6yle \u015feyler i\u015fitmemi\u015ftir, bunu hi\u00e7 i\u015fitmeyebilirler de.<\/strong><\/p>\n\n\n\n<p class=\"has-text-align-justify\">Gece Kap\u0131s\u0131\u2019na mukabil Sabah Kap\u0131s\u0131 da vard\u0131r. Tanr\u0131lar\u0131n (Valar) D\u00fcnya\u2019n\u0131n Do\u011fusu\u2019ndaki eseri, alt\u0131ndan b\u00fcy\u00fck bir kemerdir. G\u00fcm\u00fc\u015f kap\u0131larla kapat\u0131lm\u0131\u015ft\u0131r. Etraf\u0131 kor gibi yanan buharla \u00f6rt\u00fcl\u00fcd\u00fcr. Sabah Kap\u0131s\u0131, yine G\u00fcne\u015f\u2019in sevk ve idare edicisi Urwendi\u2019nin \u00f6n\u00fcnde a\u00e7\u0131l\u0131r ve onun a\u00e7\u0131lmas\u0131 i\u00e7in gereken mistik s\u00f6z de, Gece Kap\u0131s\u0131 i\u00e7in laz\u0131m olan\u0131n ayn\u0131s\u0131d\u0131r ancak onun tersidir.<\/p>\n\n\n\n<p class=\"has-text-align-justify\">Morgoth, i\u015fte bu Gece Kap\u0131s\u0131\u2019ndan d\u0131\u015far\u0131 \u00e7\u0131kar\u0131larak, Zamans\u0131z Bo\u015fluk\u2019a konulmu\u015ftur. Burada bir durup, Oktan Kele\u015f\u2019in Kulbak Bilge adl\u0131 kitab\u0131na, 359, 360 ve 361\u2019inci sayfalar\u0131nda yer alan \u015femalara gidelim.<\/p>\n\n\n\n<figure class=\"wp-block-image is-resized\"><img loading=\"lazy\" decoding=\"async\" src=\"https:\/\/lh5.googleusercontent.com\/IAZt6Gsxs8bc9b9EvQEoGM17q2SCte8FSDRH44BiMN3H3dKqmgpNnxAmThQ0BevvIeGpIYI1XXunDYkMnBXMlUsp_pn8f9JcyiGyZp2l4KDQgcRMoNI-COZMETI9xOFaju4c-6RD\" alt=\"\" width=\"575\" height=\"864\"\/><\/figure>\n\n\n\n<figure class=\"wp-block-image is-resized\"><img loading=\"lazy\" decoding=\"async\" src=\"https:\/\/lh6.googleusercontent.com\/TLYVsgDyfH6-w60xkYIj2RwtdXRv49uVE9uSk0iOfzPIqImYnUlp1YsPLPxVlyws0ef82mxTa6OFXG_9AKMpkHQ61D4cNJz1FiDygodOAj4RNy984mPrX0jdpoZNKPtb4i_iM20J\" alt=\"\" width=\"574\" height=\"863\"\/><\/figure>\n\n\n\n<figure class=\"wp-block-image is-resized\"><img loading=\"lazy\" decoding=\"async\" src=\"https:\/\/lh4.googleusercontent.com\/gnEC8eryrfr0q5GyFO_1VBdvSKBfEdb1TEPX_JWTKqAu8d1qQwMPvK8XU47FzvxsM72Rgm4cyDiTF1V81JxGgSLFgHoT9A2NX6EMNDdJqBn9JJxk-zTLJvep0SmntxfqWhbCSPka\" alt=\"\" width=\"573\" height=\"865\"\/><\/figure>\n\n\n\n<p class=\"has-text-align-justify\">Konu b\u00fct\u00fcnl\u00fc\u011f\u00fcnden uzakla\u015fmamak i\u00e7in, sadece \u015femalarda yer alan belli ba\u015fl\u0131 unsurlar\u0131n \u00fczerinden ge\u00e7elim. Birinci \u015femada, uzay olarak bildi\u011fimiz ilk mek\u00e2n, ortada siyah bir kare olarak resmedilir. Uzay\u0131n d\u0131\u015f\u0131nda daire \u015feklinde bir Mavi G\u00f6k ve bir K\u0131z\u0131l G\u00f6k bulunur. Bu \u00fc\u00e7 \u00f6\u011fe \u0130\u00e7 G\u00f6k adl\u0131 ayr\u0131 bir mek\u00e2n\u0131n i\u00e7indedir. \u0130\u00e7 G\u00f6k\u2019\u00fcn \u00fc\u00e7 mek\u00e2n\u0131n\u0131n kendilerine ait zamanlar\u0131 var. Ancak bunlar\u0131n d\u0131\u015f\u0131nda kalan \u201c\u0130\u00e7\u201d adl\u0131 alanda zamans\u0131zl\u0131k mevzubahistir. \u0130\u00e7 G\u00f6k\u2019ten d\u0131\u015far\u0131 \u00e7\u0131kt\u0131\u011f\u0131m\u0131zda D\u0131\u015f G\u00f6k vard\u0131r ve cevheri sudur. D\u0131\u015f G\u00f6k\u2019te G\u00fcnd\u00fcz Ayd\u0131n adl\u0131 bir mega g\u00fcne\u015f ve Ay B\u00f6rk adl\u0131 bir mega ay mevcut. \u00d6ncelikle, burada resmedilen (G\u00fcne\u015fler G\u00fcne\u015fi benzeri) G\u00fcne\u015f ve (Aylar\u0131n Atas\u0131 benzeri) Ay temas\u0131, g\u00fcne\u015f-ay ikilisine yeni bak\u0131\u015f a\u00e7\u0131s\u0131 getirir. G\u00fcnd\u00fcz Ayd\u0131n s\u00f6ner ve yanar. Do\u011furdu\u011fu sonu\u00e7 itibariyle, t\u0131pk\u0131 bizim g\u00fcne\u015fimizin do\u011fup batmas\u0131 gibi bir etkinli\u011fe sahiptir, keyfiyeti me\u00e7hul olmakla birlikte.<\/p>\n\n\n\n<p class=\"has-text-align-justify\">D\u00f6n\u00fcyorum: Morgoth, evreni saran duvarlar\u0131n d\u0131\u015f\u0131na, zamans\u0131zl\u0131\u011f\u0131n hakim oldu\u011fu bir mek\u00e2na hapsedilir. Valar, onu d\u0131\u015far\u0131 \u00e7\u0131karaca\u011f\u0131 noktaya bir kap\u0131 yapar. Tolkien efsanesinde yer alan G\u00fcne\u015f, do\u011far ve batar. Bu iki aktiviteye ait iki kap\u0131 olmakla birlikte, esasen tek bir g\u00fcne\u015f vard\u0131r ve G\u00fcne\u015f\u2019e memur bulunan Orwendi, bu iki hadisede de nezaret\u00e7idir ve Gece Kap\u0131s\u0131 ile Sabah Kap\u0131s\u0131 ayn\u0131 G\u00fcne\u015f\u2019in belirdi\u011fi ve g\u00f6zden kayboldu\u011fu kap\u0131lard\u0131r. G\u00fcne\u015f tektir. Morgoth\u2019un \u00e7\u0131kar\u0131ld\u0131\u011f\u0131 kap\u0131 Gece olmas\u0131 hasebiyle, karanl\u0131\u011f\u0131n h\u00fck\u00fcm s\u00fcrd\u00fc\u011f\u00fc taraft\u0131r ve efsaneye g\u00f6re, Dagor Dagorath\u2019a kadar karanl\u0131kta hapsedilir. Son b\u00fcy\u00fck sava\u015fta serbest kalmas\u0131 bir tayin ya da tercih de\u011fil, kader\u00ee bir durumdur. Earendil\u2019e o tarihte serbest b\u0131rakmas\u0131 s\u00f6ylenmem\u015ftir.&nbsp;<\/p>\n\n\n\n<p class=\"has-text-align-justify\"><strong>Gece Kap\u0131s\u0131\u2019n\u0131n \u00f6tesi d\u0131\u015f karanl\u0131kt\u0131, oray\u0131 ge\u00e7en ki\u015fi d\u00fcnyadan ve \u00f6l\u00fcmden ka\u00e7abilirdi. <\/strong>Bir \u00e7e\u015fit kay\u0131tlardan ayr\u0131 h\u00e2le getirilme ve dondurulmu\u015fluk halidir bu. G\u00fcne\u015f\u2019in hep batm\u0131\u015f h\u00e2lde oldu\u011fu, ya da zuhur etmemek suretiyle olmad\u0131\u011f\u0131, do\u011fmad\u0131\u011f\u0131 bir yerde, zaman\u0131n donmas\u0131ndan s\u00f6z edebiliriz. Belki de Valar, son b\u00fcy\u00fck h\u00fck\u00fcm g\u00fcn\u00fc gelmeden, zaten Morgoth\u2019u mutlak olarak yok edemeyece\u011fi veya kader m\u00fcsaade etmeden etkisiz h\u00e2le getiremeyece\u011fini bildi\u011fi i\u00e7in onu kay\u0131tlardan ancak bu yolla d\u0131\u015far\u0131, ancak ge\u00e7ici suretle \u00e7\u0131karm\u0131\u015ft\u0131r. Bunu yapabilmek i\u00e7in b\u00fcy\u00fck Gazap Sava\u015f\u0131 verilmi\u015f, \u0130nsanlar ve Elfler i\u00e7in y\u0131k\u0131mlar ve \u00f6l\u00fcmler ya\u015fanm\u0131\u015f, her \u015feyin \u00f6ncesinde Earendil\u2019in b\u00fcy\u00fck testlerden ge\u00e7erek Aman diyar\u0131na gelmesi ve Valar\u2019a yard\u0131m i\u00e7in yalvarabilmesi gibi \u00f6zel gayretler sarfedilmi\u015ftir. Zira Aman\u2019a gidip do\u011fru ad\u0131na dahi olsun yard\u0131m dilenebilmek kolay ve eri\u015fime a\u00e7\u0131k bir husus de\u011fil.<\/p>\n\n\n\n<p class=\"has-text-align-justify\">\u00d6zetle b\u00fcy\u00fck bedeller \u00f6denir. Bu kadar b\u00fcy\u00fc\u011f\u00fc dahi mutlak galibiyeti getirmez. O sebeple kader\u00ee oldu\u011fu yorumuna var\u0131yorum.<\/p>\n\n\n\n<p class=\"has-text-align-justify\">Morgoth, efsaneye g\u00f6re Zamans\u0131z Bo\u015fluk\u2019a at\u0131lm\u0131\u015ft\u0131r. Bo\u015fluk, Iluvatar\u2019\u0131n S\u00f6nmeyen Alev\u2019i bo\u015flukta tutu\u015fturarak yarat\u0131\u015f ameliyesini sergilemesi ile kar\u015f\u0131m\u0131za \u00e7\u0131km\u0131\u015ft\u0131. Ea denilen kain\u00e2t, Bo\u015fluk\u2019un ortas\u0131nda Var edilen bir mek\u00e2n oldu ancak kain\u00e2t Bo\u015fluk\u2019un bir par\u00e7as\u0131 olmad\u0131. Bo\u015fluk kain\u00e2t\u0131n bir par\u00e7as\u0131 idi. Gandalf\u2019in Balrog ile d\u00f6v\u00fc\u015f\u00fcnden sonra, d\u00fc\u015f\u00fcnceden ve zamandan ayr\u0131l\u0131p Orta D\u00fcnya\u2019n\u0131n 3. \u00c7a\u011f\u2019daki b\u00fcy\u00fck sava\u015f\u0131na yard\u0131m i\u00e7in tekrar d\u00f6nmek \u00fczere terk etti\u011fi yer de Bo\u015fluk idi. Kulbak Bilge\u2019deki \u015femada, zaman\u0131n ve hayat\u0131n oldu\u011fu Uzay, Mavi G\u00f6k ve K\u0131z\u0131l G\u00f6k haricinde kalan \u201c\u0130\u00e7\u201d, Tolkien efsanesindeki Bo\u015fluk\u2019u bar\u0131nd\u0131r\u0131yor olabilir.<\/p>\n\n\n\n<p class=\"has-text-align-justify\">D\u0131\u015f G\u00f6k\u2019\u00fcn ise cehveri sudur. G\u00fcnd\u00fcz Ayd\u0131n ve Ay B\u00f6rk bu g\u00f6ktedir. Efsane\u2019de ise, B\u00fcy\u00fck okyanus Vai\u2019n\u0131n Arda\u2019y\u0131 ku\u015fatmas\u0131, Arda\u2019n\u0131n, G\u00fcne\u015f\u2019in ve Ay\u2019\u0131n onun i\u00e7inde y\u00fczmesi gibi keyfiyetlerden s\u00f6z ediyoruz.<\/p>\n\n\n\n<p class=\"has-text-align-justify\">J.R.R. Tolkien\u2019in Mektuplar\u0131 adl\u0131 eserin 211. mektubunda yazar kendi d\u00fc\u015ft\u00fc\u011f\u00fc dipnotta, Sauron\u2019un kulesi Baraddur\u2019un y\u0131k\u0131l\u0131\u015f\u0131 ile ger\u00e7ekteki bizim zaman\u0131m\u0131z\u0131n aras\u0131nda yakla\u015f\u0131k 6.000 y\u0131l oldu\u011funu tasavvur etti\u011fini (imagine), e\u011fer ki \u0130kinci \u00c7a\u011f ve \u00dc\u00e7\u00fcnc\u00fc \u00c7a\u011f\u2019\u0131n uzunluklar\u0131 ile ayn\u0131 s\u00fcrelerden bahsedebiliyorsak, bizim \u015fu \u00e2nda Be\u015finci \u00c7a\u011f\u2019\u0131n sonunda oldu\u011fumuzu tasavvur etti\u011fini, ancak kanaatine g\u00f6re \u00e7a\u011flar\u0131n h\u0131zland\u0131\u011f\u0131n\u0131\/\u00e7abukla\u015ft\u0131\u011f\u0131n\u0131 (quickened), bu sebeple asl\u0131nda Alt\u0131nc\u0131 veya Yedinci \u00c7a\u011f\u2019\u0131n sonunda oldu\u011fumuzu tasavvur etti\u011fini yazm\u0131\u015ft\u0131r. Arda\u2019n\u0131n ve D\u00fcnyam\u0131z\u0131n zaman-mek\u00e2n koordinatlar\u0131n\u0131 ar\u0131yorum.<\/p>\n","protected":false},"excerpt":{"rendered":"<p>Duvardaki d\u00fc\u011fmeye bast\u0131\u011f\u0131mda \u0131\u015f\u0131k a\u00e7\u0131l\u0131r. As\u0131l\u0131 ampul\u00fcn i\u00e7inde d\u00f6nen elektrik, sigorta kutusunda y\u00fckl\u00fc pillerden gelmez. Biraz daha uzakta, trafoda da haz\u0131r bekletilen elektrik iyonlar\u0131 depolu de\u011filler. Daha da uza\u011fa gitseniz, sizi haz\u0131r bekleyen, elektrik enerjisinin kesintiye u\u011frad\u0131\u011f\u0131 bir nokta bulamazs\u0131n\u0131z. Ta ki suyun biriktirildi\u011fi baraj\u0131n havuzundaki milyonlarca metrek\u00fcpl\u00fck alana var\u0131ncaya kadar. O su, trib\u00fcnden ge\u00e7ip [&hellip;]<\/p>\n","protected":false},"author":1,"featured_media":0,"comment_status":"open","ping_status":"open","sticky":false,"template":"","format":"standard","meta":{"footnotes":""},"categories":[1],"tags":[],"class_list":["post-86","post","type-post","status-publish","format-standard","hentry","category-uncategorized"],"_links":{"self":[{"href":"http:\/\/notionclubnotes.com\/index.php?rest_route=\/wp\/v2\/posts\/86","targetHints":{"allow":["GET"]}}],"collection":[{"href":"http:\/\/notionclubnotes.com\/index.php?rest_route=\/wp\/v2\/posts"}],"about":[{"href":"http:\/\/notionclubnotes.com\/index.php?rest_route=\/wp\/v2\/types\/post"}],"author":[{"embeddable":true,"href":"http:\/\/notionclubnotes.com\/index.php?rest_route=\/wp\/v2\/users\/1"}],"replies":[{"embeddable":true,"href":"http:\/\/notionclubnotes.com\/index.php?rest_route=%2Fwp%2Fv2%2Fcomments&post=86"}],"version-history":[{"count":0,"href":"http:\/\/notionclubnotes.com\/index.php?rest_route=\/wp\/v2\/posts\/86\/revisions"}],"wp:attachment":[{"href":"http:\/\/notionclubnotes.com\/index.php?rest_route=%2Fwp%2Fv2%2Fmedia&parent=86"}],"wp:term":[{"taxonomy":"category","embeddable":true,"href":"http:\/\/notionclubnotes.com\/index.php?rest_route=%2Fwp%2Fv2%2Fcategories&post=86"},{"taxonomy":"post_tag","embeddable":true,"href":"http:\/\/notionclubnotes.com\/index.php?rest_route=%2Fwp%2Fv2%2Ftags&post=86"}],"curies":[{"name":"wp","href":"https:\/\/api.w.org\/{rel}","templated":true}]}}